{"id":2288,"date":"2023-02-23T11:30:41","date_gmt":"2023-02-23T10:30:41","guid":{"rendered":"http:\/\/localhost:10040\/?p=2288"},"modified":"2026-03-11T15:23:46","modified_gmt":"2026-03-11T14:23:46","slug":"pib-group-iberia-acquires-privat-correduria-de-seguros","status":"publish","type":"post","link":"https:\/\/dev.pibgroupiberia.com\/en\/blog\/pib-group-iberia-adquiere-privat-correduria-de-seguros\/","title":{"rendered":"PIB Group Iberia acquires Privat Corredur\u00eda de Seguros"},"content":{"rendered":"<div data-elementor-type=\"wp-post\" data-elementor-id=\"2288\" class=\"elementor elementor-2288\" data-elementor-post-type=\"post\">\n\t\t\t\t\t\t<section class=\"elementor-section elementor-top-section elementor-element elementor-element-7fb13611 elementor-section-boxed elementor-section-height-default elementor-section-height-default\" data-id=\"7fb13611\" data-element_type=\"section\" data-e-type=\"section\" data-settings=\"{&quot;ekit_has_onepagescroll_dot&quot;:&quot;yes&quot;}\">\n\t\t\t\t\t\t<div class=\"elementor-container elementor-column-gap-default\">\n\t\t\t\t\t<div class=\"elementor-column elementor-col-100 elementor-top-column elementor-element elementor-element-76305e6\" data-id=\"76305e6\" data-element_type=\"column\" data-e-type=\"column\">\n\t\t\t<div class=\"elementor-widget-wrap elementor-element-populated\">\n\t\t\t\t\t\t<div class=\"elementor-element elementor-element-7c46a7b elementor-widget elementor-widget-text-editor\" data-id=\"7c46a7b\" data-element_type=\"widget\" data-e-type=\"widget\" data-settings=\"{&quot;ekit_we_effect_on&quot;:&quot;none&quot;}\" data-widget_type=\"text-editor.default\">\n\t\t\t\t\t\t\t\t\t<ul><li><span style=\"color: #000000;\"><strong>PIB Group Iberia is expanding its operations in Spain with the acquisition of Privat Asesoramiento Corredur\u00eda de Seguros S.L., strengthening its growth in the Spanish market.<\/strong><\/span><\/li><\/ul><p>\u00a0<\/p><p style=\"color: #000000;\"><span style=\"color: #000000;\">PIB Group Iberia has expanded its operations in Spain through the acquisition of Privat Asesoramiento Corredur\u00eda de Seguros S.L.<\/span><\/p><p style=\"color: #000000;\"><span style=\"color: #000000;\">The Barcelona-based brokerage is the seventh to join PIB's growing Spanish portfolio, just two weeks after acquiring Fidentia Hispana Corredur\u00eda De Seguros, S.L. Both deals are pending the usual approval from the Spanish regulator.<\/span><\/p><p style=\"color: #000000;\"><span style=\"color: #000000;\">PIB Group Iberia is an independent, dynamic and diversified specialist insurance intermediary. The Group has grown rapidly in the UK and Europe through the acquisition of exceptional businesses, while remaining focused on driving organic growth. It is committed to fulfilling its ambition to build a significant pan-European diversified specialist insurance distribution business.<\/span><\/p><p style=\"color: #000000;\"><span style=\"color: #000000;\">Privat is a highly reputable Spanish insurance broker offering life and non-life products to SMEs and individual clients. For the past 30 years, the company has offered customers a wide range of products, with a particular focus on accident, liability and home insurance. CEO Xavier Sol\u00e1 Castel will continue to lead the business and the remaining employees will provide the same level of service to its loyal customer base.<\/span><\/p><p style=\"color: #000000;\"><span style=\"color: #000000;\"><strong>Martin Navaz, CEO of PIB Group Iberia<\/strong>, commented: \u201cI am very excited to welcome another excellent business to our Spanish division within the PIB Group. The addition of Xavier and our new colleagues at Privat expands the growing range of products and propositions we can offer to new and existing clients. Their expertise brings us one step closer to providing clients with access to everything they could possibly need through PIB Group Iberia, whilst allowing us to leverage the collective strength and scale of the Group for international solutions.\u201d<\/span><\/p><p style=\"color: #000000;\"><span style=\"color: #000000;\"><strong>Xavier Sol\u00e1 Castel, CEO of Privat<\/strong>, he added: \u201cOn behalf of everyone at Privat, we are delighted to be joining PIB Group Iberia and bringing our expertise in accident, liability and home insurance. I would like to thank all our employees and clients who have contributed to our growth and success over the past 30 years. We look forward to many more years together, which will benefit everyone, including investment in our people, who will be able to enjoy further learning and development to support their career paths.\u201d<\/span><\/p><p style=\"color: #000000;\"><span style=\"color: #000000;\">As part of the Group, Privat will be able to leverage PIB's strong relationships with insurance companies and existing products and services to continue to build on its success.<\/span><\/p><p style=\"color: #000000;\"><span style=\"color: #000000;\">PIB has ambitious international expansion plans. Throughout 2023, it will continue to concentrate efforts and make significant investments in specialised businesses and teams in Europe that are complementary to and benefit from the products and expertise elsewhere within the Group.<\/span><\/p><p style=\"color: #000000;\"><span style=\"color: #000000;\"><strong>Onno Janssen, CEO PIB Group Europe<\/strong>, He added: \u201cThe acquisition pipeline across Europe is very healthy, and our activity in the Iberian Peninsula is no exception. This latest addition through Privat underlines our focus on unlocking the European market by expanding our existing footprint. We are attracting specialist brokers on a month-to-month basis and expect to announce updates on this very soon. The teams are also focused on organic growth, ensuring we better serve clients across borders and needs. At the same time, we are moving forward with plans to enter more new markets and become a global champion based on trust and collaboration.\u201d<\/span><\/p><p style=\"text-align: center; color: #000000;\"><span style=\"color: #000000;\"><\/span><\/p>\t\t\t\t\t\t\t\t<\/div>\n\t\t\t\t\t<\/div>\n\t\t<\/div>\n\t\t\t\t\t<\/div>\n\t\t<\/section>\n\t\t\t\t<\/div>","protected":false},"excerpt":{"rendered":"<p>PIB Group Iberia ampl\u00eda sus operaciones en Espa\u00f1a con la adquisici\u00f3n de Privat Asesoramiento Corredur\u00eda de Seguros S.L., reforzando su crecimiento en el mercado espa\u00f1ol. \u00a0 PIB Group Iberia ha ampliado sus operaciones en Espa\u00f1a mediante la adquisici\u00f3n de Privat Asesoramiento Corredur\u00eda de Seguros S.L. La corredur\u00eda con sede en Barcelona es la s\u00e9ptima en [&hellip;]<\/p>\n","protected":false},"author":11,"featured_media":3042,"comment_status":"closed","ping_status":"closed","sticky":false,"template":"","format":"standard","meta":{"yasr_overall_rating":0,"yasr_post_is_review":"","yasr_auto_insert_disabled":"","yasr_review_type":"","footnotes":""},"categories":[12,11],"tags":[],"class_list":["post-2288","post","type-post","status-publish","format-standard","has-post-thumbnail","hentry","category-actualidad","category-general"],"yasr_visitor_votes":{"stars_attributes":{"read_only":false,"span_bottom":false},"number_of_votes":0,"sum_votes":0},"_links":{"self":[{"href":"https:\/\/dev.pibgroupiberia.com\/en\/wp-json\/wp\/v2\/posts\/2288","targetHints":{"allow":["GET"]}}],"collection":[{"href":"https:\/\/dev.pibgroupiberia.com\/en\/wp-json\/wp\/v2\/posts"}],"about":[{"href":"https:\/\/dev.pibgroupiberia.com\/en\/wp-json\/wp\/v2\/types\/post"}],"author":[{"embeddable":true,"href":"https:\/\/dev.pibgroupiberia.com\/en\/wp-json\/wp\/v2\/users\/11"}],"replies":[{"embeddable":true,"href":"https:\/\/dev.pibgroupiberia.com\/en\/wp-json\/wp\/v2\/comments?post=2288"}],"version-history":[{"count":0,"href":"https:\/\/dev.pibgroupiberia.com\/en\/wp-json\/wp\/v2\/posts\/2288\/revisions"}],"wp:featuredmedia":[{"embeddable":true,"href":"https:\/\/dev.pibgroupiberia.com\/en\/wp-json\/wp\/v2\/media\/3042"}],"wp:attachment":[{"href":"https:\/\/dev.pibgroupiberia.com\/en\/wp-json\/wp\/v2\/media?parent=2288"}],"wp:term":[{"taxonomy":"category","embeddable":true,"href":"https:\/\/dev.pibgroupiberia.com\/en\/wp-json\/wp\/v2\/categories?post=2288"},{"taxonomy":"post_tag","embeddable":true,"href":"https:\/\/dev.pibgroupiberia.com\/en\/wp-json\/wp\/v2\/tags?post=2288"}],"curies":[{"name":"wp","href":"https:\/\/api.w.org\/{rel}","templated":true}]}}