{"id":15045,"date":"2017-09-12T13:00:45","date_gmt":"2017-09-12T11:00:45","guid":{"rendered":"https:\/\/www.joaquinmone.es\/?p=5002"},"modified":"2025-06-03T09:13:18","modified_gmt":"2025-06-03T07:13:18","slug":"son-avogado-en-zaragoza-que-tipo-de-seguro-necesito","status":"publish","type":"post","link":"https:\/\/dev.pibgroupiberia.com\/gl\/blog\/soy-abogado-en-zaragoza-que-tipo-de-seguro-necesito\/","title":{"rendered":"Son avogado en Zaragoza. Que tipo de seguro necesito?"},"content":{"rendered":"<p>A nosa experiencia como <strong>Corredur\u00eda de Seguros da Real e Ilustre Barra da Avogac\u00eda de Zaragoza<\/strong> Durante tantos anos, axudounos cando se trata de <strong>Identificar as p\u00f3lizas de seguro esenciais para un avogado<\/strong>. Hoxe imos tentar desglosar o que son e por que.<\/p>\n<h2>Requisito de seguro para un avogado<\/h2>\n<p>Como regra xeral, ag\u00e1s os avogados asalariados de grandes empresas, que normalmente pertencen ao seu Departamento de Asesoramento Xur\u00eddico, os avogados:<\/p>\n<ul>\n<li>son traballadores aut\u00f3nomos, ou<\/li>\n<li>mutualistas<\/li>\n<li>Ou os dous!<\/li>\n<\/ul>\n<p>Isto significa que, como explicamos naquel momento, padecen certas <strong><a href=\"\/gl\/blog\/tres-desvantaxes-de-ser-traballador-autonomo\/\">desvantaxes de non estar empregado<\/a><\/strong>. Falamos das prestaci\u00f3ns por incapacidade temporal, das pensi\u00f3ns de viuvas ou das pensi\u00f3ns de xubilaci\u00f3n, que son m\u00e1is baixas na gran maior\u00eda dos casos. Isto am\u00f3sano claramente as estat\u00edsticas do INE.<\/p>\n<p>Por esta mesma raz\u00f3n, a necesidade dunha mellor protecci\u00f3n \u00e9 clara. Non s\u00f3 para protexer mellor \u00e1 mi\u00f1a familia e a min fronte a estes acontecementos, sen\u00f3n tam\u00e9n para protexer os meus bens. Ao mesmo tempo, como traballo como traballador aut\u00f3nomo, se manexo mal o caso dun cliente, serei responsable de calquera dano financeiro que lle poida causar (\u00e9 aqu\u00ed onde entra o seguro de responsabilidade civil dos avogados).<\/p>\n<p><img fetchpriority=\"high\" decoding=\"async\" class=\"aligncenter wp-image-5003\" src=\"\/wp-content\/uploads\/2017\/09\/polizas-abogados.jpg\" alt=\"Mellor seguro para avogados\" width=\"950\" height=\"594\" \/><\/p>\n<h2>Os principais tipos de seguro para avogados<\/h2>\n<p>Imos botar unha ollada \u00e1s p\u00f3lizas que todo avogado deber\u00eda ter en vigor:<\/p>\n<h3>Seguro de responsabilidade civil<\/h3>\n<p>Como dixemos, no caso de que se produza un erro ou unha omisi\u00f3n que cause un dano econ\u00f3mico a un cliente, o cliente reclamar\u00e1 ao avogado unha compensaci\u00f3n por ese dano. Un bo seguro<strong>\u00a0responsabilidade civil <\/strong>Isto evitar\u00e1 que po\u00f1amos os nosos activos en risco nestes casos, e poderemos minimizar o incidente.<\/p>\n<h3>Seguro de baixa por enfermidade<\/h3>\n<p>Dado que a base de cotizaci\u00f3n dos traballadores aut\u00f3nomos \u00e9, na gran maior\u00eda dos casos, a m\u00ednima, os avogados adoitan contratar un seguro de baixa por enfermidade para complementar esta prestaci\u00f3n no caso de que necesiten unha operaci\u00f3n, sufran unha enfermidade ou simplemente te\u00f1an un beb\u00e9. Por menos de 10 \u20ac ao mes, poden recibir 900 \u20ac no caso de baixa por enfermidade.<\/p>\n<h3>Seguro de oficina<\/h3>\n<p>Hoxe en d\u00eda vemos moitos modelos diferentes: coworking, teletraballo... pero o m\u00e1is com\u00fan segue sendo ter a nosa oficina nun edificio de oficinas (xa sexa a nosa propia ou parte dunha oficina m\u00e1is grande). \u00c9 esencial asegurar os nosos mobles e o equipamento inform\u00e1tico, as\u00ed como calquera dano que poidamos causar aos nosos veci\u00f1os.<br \/>\nDo mesmo xeito, a\u00ednda que estamos nun espazo de coworking, \u00e9 aconsellable asegurar as nosas pertenzas e a nosa responsabilidade civil.<\/p>\n<p>Poderiamos continuar discutindo outras p\u00f3lizas de seguro importantes que moitas persoas contrataron, as cales complementan as mencionadas anteriormente:<\/p>\n<ul>\n<li><strong>seguro de sa\u00fade<\/strong> (para acelerar un diagn\u00f3stico que nos permita recuperarnos e volver ao traballo canto antes), e<\/li>\n<li><strong>seguro de vida<\/strong> para a nosa familia ou para n\u00f3s mesmos no caso de discapacidade...<\/li>\n<\/ul>\n<p>Con todo, os que mencionamos son esenciais e todo avogado deber\u00eda telos para sentirse seguro nestes niveis.<\/p>\n<p>Se desexa que o asistamos coas nosas pol\u00edticas de grupo a prezos especiais, p\u00f3\u00f1ase en contacto connosco. Atopar\u00e1 o mellor <strong><a href=\"https:\/\/dev.pibgroupiberia.com\/gl\/profesionais\/avogados\/\">Seguro para avogados en Zaragoza<\/a><\/strong>.<\/p>","protected":false},"excerpt":{"rendered":"<p>Estamos a falar da protecci\u00f3n de seguro necesaria para calquera avogado.<\/p>","protected":false},"author":14,"featured_media":15046,"comment_status":"closed","ping_status":"closed","sticky":false,"template":"","format":"standard","meta":{"yasr_overall_rating":0,"yasr_post_is_review":"","yasr_auto_insert_disabled":"","yasr_review_type":"","footnotes":""},"categories":[152],"tags":[191],"class_list":["post-15045","post","type-post","status-publish","format-standard","has-post-thumbnail","hentry","category-profesionales","tag-abogados"],"yasr_visitor_votes":{"stars_attributes":{"read_only":false,"span_bottom":false},"number_of_votes":0,"sum_votes":0},"_links":{"self":[{"href":"https:\/\/dev.pibgroupiberia.com\/gl\/wp-json\/wp\/v2\/posts\/15045","targetHints":{"allow":["GET"]}}],"collection":[{"href":"https:\/\/dev.pibgroupiberia.com\/gl\/wp-json\/wp\/v2\/posts"}],"about":[{"href":"https:\/\/dev.pibgroupiberia.com\/gl\/wp-json\/wp\/v2\/types\/post"}],"author":[{"embeddable":true,"href":"https:\/\/dev.pibgroupiberia.com\/gl\/wp-json\/wp\/v2\/users\/14"}],"replies":[{"embeddable":true,"href":"https:\/\/dev.pibgroupiberia.com\/gl\/wp-json\/wp\/v2\/comments?post=15045"}],"version-history":[{"count":0,"href":"https:\/\/dev.pibgroupiberia.com\/gl\/wp-json\/wp\/v2\/posts\/15045\/revisions"}],"wp:featuredmedia":[{"embeddable":true,"href":"https:\/\/dev.pibgroupiberia.com\/gl\/wp-json\/wp\/v2\/media\/15046"}],"wp:attachment":[{"href":"https:\/\/dev.pibgroupiberia.com\/gl\/wp-json\/wp\/v2\/media?parent=15045"}],"wp:term":[{"taxonomy":"category","embeddable":true,"href":"https:\/\/dev.pibgroupiberia.com\/gl\/wp-json\/wp\/v2\/categories?post=15045"},{"taxonomy":"post_tag","embeddable":true,"href":"https:\/\/dev.pibgroupiberia.com\/gl\/wp-json\/wp\/v2\/tags?post=15045"}],"curies":[{"name":"wp","href":"https:\/\/api.w.org\/{rel}","templated":true}]}}